{"id":357,"date":"2015-03-15T21:55:00","date_gmt":"2015-03-15T21:55:00","guid":{"rendered":"https:\/\/oberwalder.de\/ivmsl\/?p=357"},"modified":"2024-10-31T19:24:23","modified_gmt":"2024-10-31T19:24:23","slug":"private-musikschulen","status":"publish","type":"post","link":"https:\/\/oberwalder.de\/ivmsl\/?p=357","title":{"rendered":"Private Musikschulen"},"content":{"rendered":"\n<figure class=\"wp-block-image is-resized\"><a href=\"http:\/\/oberwalder.de\/ivmsl\/wp-content\/uploads\/2014\/08\/AlexLeitner.jpg\"><img loading=\"lazy\" src=\"http:\/\/oberwalder.de\/ivmsl\/wp-content\/uploads\/2014\/08\/AlexLeitner-213x300.jpg\" alt=\"AlexLeitner\" class=\"wp-image-143\" width=\"107\" height=\"150\" srcset=\"https:\/\/oberwalder.de\/ivmsl\/wp-content\/uploads\/2014\/08\/AlexLeitner-213x300.jpg 213w, https:\/\/oberwalder.de\/ivmsl\/wp-content\/uploads\/2014\/08\/AlexLeitner.jpg 422w\" sizes=\"(max-width: 107px) 100vw, 107px\" \/><\/a><\/figure>\n\n\n\n<p><strong>Alexander Leitner<\/strong><br>Interessensvertretung auf Bundesebene<br>f\u00fcr KollegInnen aus privaten Musikschulen<\/p>\n\n\n\n<p><strong>Kontakt:<\/strong><br>+43 664 6145406<br><a rel=\"noopener\" href=\"mailto:alexander.leitner@younion.at\" target=\"_blank\">alexander.leitner@younion.at<\/a><\/p>\n\n\n\n<p class=\"has-text-align-left\"><strong>Leistungen:<\/strong><br>Information und Beratung in arbeits-, sozialversicherungs- und steuerrechtlichen Belangen bei (freien) Dienstverh\u00e4ltnissen bzw. Werkvertr\u00e4gen &#8211;&nbsp;ganz besonders f\u00fcr StudentInnen und AbsolventInnen<\/p>\n\n\n\n<p><strong>Anliegen:<\/strong><br>Ich k\u00e4mpfe f\u00fcr eine gerechte Entlohnung f\u00fcr MusikschullehrerInnen in privaten Einrichtungen &#8211; wobei die Richtschnur beim Lohn an \u00f6ffentlichen Musikschulen und nicht bei Nachmittagsbetreuungs-Einrichtungen liegt.<\/p>\n\n\n\n<figure class=\"wp-block-image size-large is-resized is-style-default\"><a href=\"http:\/\/oberwalder.de\/ivmsl\/wp-content\/uploads\/2014\/08\/LohnverrechnungCartoon.jpg\"><img loading=\"lazy\" src=\"http:\/\/oberwalder.de\/ivmsl\/wp-content\/uploads\/2014\/08\/LohnverrechnungCartoon-1024x730.jpg\" alt=\"\" class=\"wp-image-225\" width=\"512\" height=\"365\" srcset=\"https:\/\/oberwalder.de\/ivmsl\/wp-content\/uploads\/2014\/08\/LohnverrechnungCartoon-1024x730.jpg 1024w, https:\/\/oberwalder.de\/ivmsl\/wp-content\/uploads\/2014\/08\/LohnverrechnungCartoon-300x214.jpg 300w, https:\/\/oberwalder.de\/ivmsl\/wp-content\/uploads\/2014\/08\/LohnverrechnungCartoon.jpg 1033w\" sizes=\"(max-width: 512px) 100vw, 512px\" \/><\/a><\/figure>\n","protected":false},"excerpt":{"rendered":"<p>Alexander LeitnerInteressensvertretung auf Bundesebenef\u00fcr KollegInnen aus privaten Musikschulen Kontakt:+43 664 6145406alexander.leitner@younion.at Leistungen:Information und Beratung in arbeits-, sozialversicherungs- und steuerrechtlichen Belangen bei (freien) Dienstverh\u00e4ltnissen bzw. Werkvertr\u00e4gen &#8211;&nbsp;ganz besonders f\u00fcr StudentInnen und AbsolventInnen Anliegen:Ich k\u00e4mpfe f\u00fcr eine gerechte Entlohnung f\u00fcr MusikschullehrerInnen in privaten Einrichtungen &#8211; wobei die Richtschnur beim Lohn an \u00f6ffentlichen Musikschulen und nicht bei Nachmittagsbetreuungs-Einrichtungen [&hellip;]<\/p>\n","protected":false},"author":1,"featured_media":0,"comment_status":"closed","ping_status":"open","sticky":false,"template":"","format":"standard","meta":[],"categories":[1],"tags":[],"_links":{"self":[{"href":"https:\/\/oberwalder.de\/ivmsl\/index.php?rest_route=\/wp\/v2\/posts\/357"}],"collection":[{"href":"https:\/\/oberwalder.de\/ivmsl\/index.php?rest_route=\/wp\/v2\/posts"}],"about":[{"href":"https:\/\/oberwalder.de\/ivmsl\/index.php?rest_route=\/wp\/v2\/types\/post"}],"author":[{"embeddable":true,"href":"https:\/\/oberwalder.de\/ivmsl\/index.php?rest_route=\/wp\/v2\/users\/1"}],"replies":[{"embeddable":true,"href":"https:\/\/oberwalder.de\/ivmsl\/index.php?rest_route=%2Fwp%2Fv2%2Fcomments&post=357"}],"version-history":[{"count":7,"href":"https:\/\/oberwalder.de\/ivmsl\/index.php?rest_route=\/wp\/v2\/posts\/357\/revisions"}],"predecessor-version":[{"id":459,"href":"https:\/\/oberwalder.de\/ivmsl\/index.php?rest_route=\/wp\/v2\/posts\/357\/revisions\/459"}],"wp:attachment":[{"href":"https:\/\/oberwalder.de\/ivmsl\/index.php?rest_route=%2Fwp%2Fv2%2Fmedia&parent=357"}],"wp:term":[{"taxonomy":"category","embeddable":true,"href":"https:\/\/oberwalder.de\/ivmsl\/index.php?rest_route=%2Fwp%2Fv2%2Fcategories&post=357"},{"taxonomy":"post_tag","embeddable":true,"href":"https:\/\/oberwalder.de\/ivmsl\/index.php?rest_route=%2Fwp%2Fv2%2Ftags&post=357"}],"curies":[{"name":"wp","href":"https:\/\/api.w.org\/{rel}","templated":true}]}}