{"id":353,"date":"2013-04-29T21:50:00","date_gmt":"2013-04-29T21:50:00","guid":{"rendered":"https:\/\/oberwalder.de\/ivmsl\/?p=353"},"modified":"2021-11-22T23:41:15","modified_gmt":"2021-11-22T23:41:15","slug":"petition-ganztagsschulen","status":"publish","type":"post","link":"https:\/\/oberwalder.de\/ivmsl\/?p=353","title":{"rendered":"Petition Ganztagsschulen"},"content":{"rendered":"\n<p><strong>Einbindung des Musikschulunterrichts in Ganztagsschulen<\/strong><br>Petition der (damaligen) Initiative der Interessensvertreter f\u00fcr Musikschullehrkr\u00e4fte in \u00d6sterreich<br>ans (damalige) Bundesministerium f\u00fcr Unterricht, Kunst und Kultur<\/p>\n\n\n\n<p><em>I. Pr\u00e4ambel<\/em><\/p>\n\n\n\n<p><a href=\"https:\/\/docs.google.com\/file\/d\/0B9cT0SSwD48Mei10bXlzQzNQQ28\/edit?usp=sharing\" target=\"_blank\" rel=\"noreferrer noopener\"><em>II. Sorgen und Fragen der Musikschullehrkr\u00e4fte<\/em><\/a><\/p>\n\n\n\n<p><em>1. Unterrichtsformen<\/em><br><em>2. \u00dcben<\/em><br><em>3. R\u00e4umlichkeiten<\/em><br><em>4. Veranstaltungen<\/em><br><em>5. Dienstrecht<\/em><br><em>6. Arbeitszeit<\/em><\/p>\n\n\n\n<p><a href=\"https:\/\/docs.google.com\/file\/d\/0B9cT0SSwD48MYzB5UHRIbFZNcUE\/edit?usp=sharing\" target=\"_blank\" rel=\"noreferrer noopener\"><em>III. Forderungen der Musikschullehrervertreter<\/em><\/a><\/p>\n\n\n\n<p><em>1. Ber\u00fccksichtigung<\/em><br><em>2. Einbindung<\/em><br><em>3. Zusammenarbeit<\/em><br><em>4. Wahlfreiheit<\/em><br><em>5. Flexibilit\u00e4t<\/em><br><em>6. Freiraum<\/em><br><em>7. Einteilung<\/em><br><em>8. Raum<\/em><br><em>9. Rechtssicherheit<\/em><br><em>10. Finanzierung<\/em><\/p>\n\n\n\n<p>Petition herunterladen \/ ausdrucken:<br><a href=\"https:\/\/docs.google.com\/file\/d\/0B9cT0SSwD48MLUpxTFlwOGJ2cTA\/edit?usp=sharing\" target=\"_blank\" rel=\"noreferrer noopener\">https:\/\/docs.google.com\/file\/d\/0B9cT0SSwD48MLUpxTFlwOGJ2cTA\/edit?usp=sharing<\/a><\/p>\n\n\n\n<p>Petition (online) unterzeichnen:<br><a rel=\"noreferrer noopener\" href=\"http:\/\/www.gopetition.com\/petitions\/einbindung-des-musikschulunterrichts-in-ganztagsschulen.html\" target=\"_blank\">http:\/\/www.gopetition.com\/petitions\/einbindung-des-musikschulunterrichts-in-ganztagsschulen.html<\/a><\/p>\n\n\n\n<figure class=\"wp-block-image size-full is-resized is-style-default\"><a href=\"http:\/\/oberwalder.de\/ivmsl\/wp-content\/uploads\/2013\/04\/FortbildungCartoon.jpg\"><img loading=\"lazy\" src=\"http:\/\/oberwalder.de\/ivmsl\/wp-content\/uploads\/2013\/04\/FortbildungCartoon.jpg\" alt=\"\" class=\"wp-image-72\" width=\"515\" height=\"317\" srcset=\"https:\/\/oberwalder.de\/ivmsl\/wp-content\/uploads\/2013\/04\/FortbildungCartoon.jpg 687w, https:\/\/oberwalder.de\/ivmsl\/wp-content\/uploads\/2013\/04\/FortbildungCartoon-300x184.jpg 300w\" sizes=\"(max-width: 515px) 100vw, 515px\" \/><\/a><\/figure>\n","protected":false},"excerpt":{"rendered":"<p>Einbindung des Musikschulunterrichts in GanztagsschulenPetition der (damaligen) Initiative der Interessensvertreter f\u00fcr Musikschullehrkr\u00e4fte in \u00d6sterreichans (damalige) Bundesministerium f\u00fcr Unterricht, Kunst und Kultur I. Pr\u00e4ambel II. Sorgen und Fragen der Musikschullehrkr\u00e4fte 1. Unterrichtsformen2. \u00dcben3. R\u00e4umlichkeiten4. Veranstaltungen5. Dienstrecht6. Arbeitszeit III. Forderungen der Musikschullehrervertreter 1. Ber\u00fccksichtigung2. Einbindung3. Zusammenarbeit4. Wahlfreiheit5. Flexibilit\u00e4t6. Freiraum7. Einteilung8. Raum9. Rechtssicherheit10. Finanzierung Petition herunterladen \/ ausdrucken:https:\/\/docs.google.com\/file\/d\/0B9cT0SSwD48MLUpxTFlwOGJ2cTA\/edit?usp=sharing [&hellip;]<\/p>\n","protected":false},"author":1,"featured_media":0,"comment_status":"closed","ping_status":"open","sticky":false,"template":"","format":"standard","meta":[],"categories":[1],"tags":[],"_links":{"self":[{"href":"https:\/\/oberwalder.de\/ivmsl\/index.php?rest_route=\/wp\/v2\/posts\/353"}],"collection":[{"href":"https:\/\/oberwalder.de\/ivmsl\/index.php?rest_route=\/wp\/v2\/posts"}],"about":[{"href":"https:\/\/oberwalder.de\/ivmsl\/index.php?rest_route=\/wp\/v2\/types\/post"}],"author":[{"embeddable":true,"href":"https:\/\/oberwalder.de\/ivmsl\/index.php?rest_route=\/wp\/v2\/users\/1"}],"replies":[{"embeddable":true,"href":"https:\/\/oberwalder.de\/ivmsl\/index.php?rest_route=%2Fwp%2Fv2%2Fcomments&post=353"}],"version-history":[{"count":4,"href":"https:\/\/oberwalder.de\/ivmsl\/index.php?rest_route=\/wp\/v2\/posts\/353\/revisions"}],"predecessor-version":[{"id":388,"href":"https:\/\/oberwalder.de\/ivmsl\/index.php?rest_route=\/wp\/v2\/posts\/353\/revisions\/388"}],"wp:attachment":[{"href":"https:\/\/oberwalder.de\/ivmsl\/index.php?rest_route=%2Fwp%2Fv2%2Fmedia&parent=353"}],"wp:term":[{"taxonomy":"category","embeddable":true,"href":"https:\/\/oberwalder.de\/ivmsl\/index.php?rest_route=%2Fwp%2Fv2%2Fcategories&post=353"},{"taxonomy":"post_tag","embeddable":true,"href":"https:\/\/oberwalder.de\/ivmsl\/index.php?rest_route=%2Fwp%2Fv2%2Ftags&post=353"}],"curies":[{"name":"wp","href":"https:\/\/api.w.org\/{rel}","templated":true}]}}